{"id":11278,"date":"2013-06-21T01:18:37","date_gmt":"2013-06-20T23:18:37","guid":{"rendered":"http:\/\/blogs.km77.com\/teletransporte\/?p=11278"},"modified":"2021-03-31T20:03:10","modified_gmt":"2021-03-31T18:03:10","slug":"marc-gene-la-carrera-escoge-al-ganador","status":"publish","type":"post","link":"https:\/\/www.km77.com\/revista\/teletransporte\/marc-gene-la-carrera-escoge-al-ganador\/","title":{"rendered":"Marc Gen\u00e9: \u00abLa carrera escoge al ganador\u00bb"},"content":{"rendered":"<p>Este fin de semana se corren Las 24 Horas de Le Mans. Jordi Gen\u00e9 correr\u00e1 con el equipo Audi y tiene muchas posibilidades de cruzar la meta en primera posici\u00f3n.<\/p>\n<p>La semana pasada, Marc Gen\u00e9 dio una rueda de prensa en Madrid y la frase que m\u00e1s me sorprendi\u00f3 es la que he elegido para titular. \u00abLa carrera escoge al ganador\u00bb.<\/p>\n<p>\u00bfQu\u00e9 significa esa frase? \u00bfA qu\u00e9 se refiere Marc Gen\u00e9? \u00bfQu\u00e9 insin\u00faa?<br \/>\n<!--more--><\/p>\n<p>Las carreras siempre determinan al ganador. Por eso son carreras. Pero, \u00bflo escogen? \u00bfUna mano invisible de las carreras, al estilo de la mano de Adam Smith, elige el ganador entre los participantes? \u00bfLa carrera tiene un favorito que nadie sabe y el resto de pilotos no tiene ninguna posibilidad de ganar? \u00bfEst\u00e1 la carrera compinchada con alg\u00fan dios que ampara a su coche favorito y le salva de penurias? \u00bfEs posible luchar contra la carrera? \u00bfEs la carrera el mismo dios?<\/p>\n<p>Seguramente la frase de Marc no era trascendente, pero a m\u00ed me atrajo. \u00bfSe puede luchar contra el destino? \u00bfHay que participar s\u00ed o s\u00ed, en la carrera, porque uno nunca sabe qui\u00e9n ser\u00e1 escogido por la carrera?<\/p>\n<p>Hoy le\u00eda que no s\u00e9 qu\u00e9 jugador de tenis dec\u00eda: &#8216;<em>sorprendentemente, cuanto m\u00e1s entreno mejor suerte tengo<\/em>.&#8217;<\/p>\n<p>A continuaci\u00f3n les dejo varias de las frases de Marc Gen\u00e9 durante esa rueda de prensa:<\/p>\n<p>\u00ab<em>No hay color de c\u00f3mo llego este a\u00f1o a c\u00f3mo llegu\u00e9 el a\u00f1o pasado. El a\u00f1o pasado particip\u00e9 de casualidad, de piloto reserva, porque un piloto se lesion\u00f3, sin conocer el coche. Este a\u00f1o llego perfectamente adaptado. He conducido el coche, lo conozco bien y estoy perfectamente preparado. Le Mans no se prepara en un mes.<\/em>\u00bb<\/p>\n<p>\u00ab<em>La configuraci\u00f3n aerodin\u00e1mica que llevamos en Spa estaba dise\u00f1ada para Le Mans. Penalizaba en Spa, pero es muy buena para Le Mans, a donde llegamos con mucha informaci\u00f3n del coche.<\/em>\u00bb (Seis Horas de Spa, disputada a principios de mayo. El Audi de Gen\u00e9 acab\u00f3 tercero, detr\u00e1s de los otros dos Audi)<\/p>\n<p>\u00ab<em>Hemos mejorado la tecnologia h\u00edbrida, hemos rebajado pesos, \u00a0mejorado el \u00a0chasis, tenemos un mejor sistema h\u00edbrido y mejor aerodin\u00e1mica. Todo es mejor.<\/em>\u00bb<\/p>\n<p>\u00ab<em>La ergonomia es muy importante en las 24 Horas de Le Mans porque nos pasamos muchas horas dentro del coche. Los coches cerrados son m\u00e1s seguros, pero tienen peor visibilidad. Unas buenas luces, y Audi tiene las mejores luces, y el retrovisor electr\u00f3nico que ayuda a saber cu\u00e1ndo has terminado de adelantar son muy buenos. Desde dentro del coche es muy dif\u00edcil de saber cu\u00e1ndo ha acabado el adelantamiento y eso es peligroso. el retrovisor electr\u00f3nico es una gran ayuda. Todo lo que sea mejorar es bueno.<\/em>\u00bb<\/p>\n<p>\u00ab<em>El sistema h\u00edbrido influye en la frenada. Influye cuando frenas poco, ceerca del v\u00e9rtice de la curva, en el que es m\u00e1s dif\u00edcil de dosificar y bloqueamos las ruedas. Ah\u00ed perdemos algo de tiempo, aunque lo recuperamos despu\u00e9s. El regulador del reparto de frenada es m\u00e1s cr\u00edtico.<\/em>\u00bb<\/p>\n<p>\u00ab<em>Es un sistema h\u00edbrido autom\u00e1tico que carga y descarga seg\u00fan un programa dise\u00f1ado previamente. No es como en la F\u00f3rmula 1, en la que el piloto decide cu\u00e1ndo utilizarlo. Aqu\u00ed funciona de forma autom\u00e1tica. Cuando el motor el\u00e9ctrico del sistema h\u00edbrido entra en funcionamiento es un coche de tracci\u00f3n 4&#215;4.<\/em>\u00bb<\/p>\n<p>\u00ab<em>Los Toyota tienen capacidad para 20 litros mas de combustible y por eso har\u00e1n menos paradas. Son el rival.<\/em>\u00bb<\/p>\n<p>\u00ab<em>No veo posibilidad de que haya un coche el\u00e9ctrico puro en Le Mans. El futuro es de los h\u00edbridos<\/em>\u00bb<\/p>\n<p><span style=\"font-size: 13px\">\u00ab<em>Tenemos la misma potencia y la misma adherencia. Nuestros coches de Le Mans son como un F1 con 300 kg mas. En cualquier circuito somos 10 segundos mas lentos, porque pesan m\u00e1s. La \u00fanica diferencia es el peso. En Le Mans somos m\u00e1s r\u00e1pidos que los F1, porque los F1 est\u00e1n muy penalizados por aerodin\u00e1mica en las rectas<\/em>\u00ab<\/span><\/p>\n<p>\u00ab<em>Uso gafas solo para el coche de Le Mans, porque en Le Mans la vista es todav\u00eda m\u00e1s importante que en cualquier carrera. Yo veo bien, pero especialmente para la noche, cuando el cristal adem\u00e1s ya est\u00e1 marcado, ver bien, desde nuestra posci\u00f3n tan baja es muy dif\u00edcil. El a\u00f1o pasado, en la \u00faltima hora del relevo de la noche, con el cristal picado y con lluvia, perd\u00ed tiempo por cansancio y por falta de concentraci\u00f3n.<\/em>\u00bb<\/p>\n<p>\u00ab<em>No es un tanto cansancio muscular por el esfuerzo. No hacemos muchas g<\/em> (aceleraci\u00f3n en curva, que se mide en tantas veces la fuerza de la gravedad g). <em>En las rectas podemos descansar. Pero en estos coches hace mucho calor. Entre relevo y relevo intento descansar el cerebro, pero no llego a dormir en ning\u00fan momento. Escucho las conversaciones del piloto con el ingeniero y tambi\u00e9n escucho a los otros equipos de Audi.<\/em>\u00bb<\/p>\n<p>\u00ab<em>Le Mans es muy peligroso. Muy peligroso y muy bonito. Cada a\u00f1o cuando pasa Le Mans pongo un cruz por haberlo pasado (<\/em>hace un gesto como de marcar en el aire una x te\u00f3rica<em>). Nunca he pasado tanto miedo como el a\u00f1o del accidente. Pens\u00e9 que me mataba. Es un circuito muy peligroso.<\/em>\u00bb<\/p>\n<p>\u00ab<em>El relevo del que hace la salida es muy bonito, pero es el m\u00e1s cansado. Yo nunca \u00a0olvidar\u00e9 el \u00faltimo relevo del a\u00f1o que gan\u00e9. Es la \u00fanica vez que he llorado conduciendo. En Le Mans, si las posiciones est\u00e1n bien establecidas, no te adelantan en la \u00faltima vuelta, por lo que la puedes disfrutar enteramente si vas primero.<\/em>\u00bb<\/p>\n<p>\u00ab<em>Le Mans es una carrera en la que hay que tomar riesgos, pero ni uno m\u00e1s de los imprescindibles. Al final las \u00f3rdenes de equipo llegan, y todos queremos ganar. Por eso, hay que estar siempre delante antes de que lleguen las \u00f3rdenes de equipo<\/em>\u00bb<\/p>\n<p>\u00ab<em>La relaci\u00f3n que tienes con otro piloto solo la tienes en Le Mans. Tengo dos amigos de las carreras, los dos son de Le Mans.<\/em>\u00bb<\/p>\n<p>\u00ab<em>En un relevo, cuando llegaba la noche, en unas de las curvas hab\u00eda una niebla muy extra\u00f1a. No entend\u00eda qu\u00e9 pasaba. Hasta que empec\u00e9 a notar por el olor que no era niebla. Era el humo de las barbacoas. En Le Mans hueles desde el coche el caf\u00e9 que se hacen por la ma\u00f1ana los comisarios. Eso solo pasa en Le Mans.<\/em>\u00bb<\/p>\n<p>\u00bb <em>Tenemos un sistema en el que aas conduciendo y en la \u00faltima hora hablas con el piloto que va a entrar. Es muy bonito porque le vas haciendo o te va haciendo un briefing. Por ejemplo: &#8216;Ten cuidado en aquella curva porque hay agua&#8217;.\u00bb<\/em><\/p>\n<p>\u00ab<em>Si tu equipo est\u00e1 metido en la carrera, luchando por estar delante, me cuesta irme a dormir. Pero si ya no tienes nada que hacer, si no queda ninguna posibilidad de luchar por una buena posici\u00f3n, no te lo pasas bien. Es muy aburrido.<\/em>\u00bb<\/p>\n<p>\u00ab<em>Hace dos a\u00f1os hubo un safety car de una hora, es cansado y muy aburrido.<\/em>\u00bb<\/p>\n<p><span style=\"font-size: 13px\">\u00ab<em>Levantarte a las 3 de la ma\u00f1ana y ponerte a 340 km\/h cuesta.<\/em> \u00ab<\/span><\/p>\n<p>\u00ab<em>Hay que hacer mucho caso \u00a0a las banderas amarillas. Yo choqu\u00e9 por no hacer suficiente caso a una bandera amarilla. No me volver\u00e1 a ocurrir. No importa nada perder unos segundos.<\/em>\u00bb<\/p>\n<p>\u00ab<em>Cuando gan\u00e9, Fernando Alonso me par\u00f3 en el paddock del siguiente Gran Premio. No paraba de preguntarme y dec\u00eda que deb\u00eda ser muy bonito ganar las 24 Horas de Le Mans. Se ve\u00eda que le gustar\u00eda mucho, pero es imposible para \u00e9l. Para correr las 24 Horas de Le Mans hay que prepararse de forma exclusiva, no se puede compaginar con el trabajo de un piloto de F\u00f3rmula 1.<\/em>\u00bb<\/p>\n<p>\u00ab<em>Ser\u00eda muy bonito ver un triplete de Audi. Me atrever\u00eda a considerarlo como pron\u00f3stico.<\/em>\u00ab<\/p>\n","protected":false},"excerpt":{"rendered":"<p>Este fin de semana se corren Las 24 Horas de Le Mans. Jordi Gen\u00e9 correr\u00e1 con el equipo Audi y tiene muchas posibilidades de cruzar la meta en primera posici\u00f3n. La semana pasada, Marc Gen\u00e9 dio una rueda de prensa en Madrid y la frase que m\u00e1s me sorprendi\u00f3 es la que he elegido para [&hellip;]<\/p>\n","protected":false},"author":72,"featured_media":0,"comment_status":"open","ping_status":"closed","sticky":false,"template":"","format":"standard","meta":{"_et_pb_use_builder":"","_et_pb_old_content":"","_et_gb_content_width":"","footnotes":""},"categories":[3915],"tags":[177,86,7990,1945],"class_list":["post-11278","post","type-post","status-publish","format-standard","hentry","category-teletransporte","tag-24-horas-de-le-mans","tag-audi","tag-automovilismo","tag-marc-gene"],"yoast_head":"<!-- This site is optimized with the Yoast SEO plugin v27.5 - https:\/\/yoast.com\/product\/yoast-seo-wordpress\/ -->\n<title>Marc Gen\u00e9: &quot;La carrera escoge al ganador&quot; - Revista km77<\/title>\n<meta name=\"robots\" content=\"index, follow, max-snippet:-1, max-image-preview:large, max-video-preview:-1\" \/>\n<link rel=\"canonical\" href=\"https:\/\/www.km77.com\/revista\/teletransporte\/marc-gene-la-carrera-escoge-al-ganador\/\" \/>\n<meta property=\"og:locale\" content=\"es_ES\" \/>\n<meta property=\"og:type\" content=\"article\" \/>\n<meta property=\"og:title\" content=\"Marc Gen\u00e9: &quot;La carrera escoge al ganador&quot; - Revista km77\" \/>\n<meta property=\"og:description\" content=\"Este fin de semana se corren Las 24 Horas de Le Mans. Jordi Gen\u00e9 correr\u00e1 con el equipo Audi y tiene muchas posibilidades de cruzar la meta en primera posici\u00f3n. La semana pasada, Marc Gen\u00e9 dio una rueda de prensa en Madrid y la frase que m\u00e1s me sorprendi\u00f3 es la que he elegido para [&hellip;]\" \/>\n<meta property=\"og:url\" content=\"https:\/\/www.km77.com\/revista\/teletransporte\/marc-gene-la-carrera-escoge-al-ganador\/\" \/>\n<meta property=\"og:site_name\" content=\"Revista km77\" \/>\n<meta property=\"article:published_time\" content=\"2013-06-20T23:18:37+00:00\" \/>\n<meta property=\"article:modified_time\" content=\"2021-03-31T18:03:10+00:00\" \/>\n<meta name=\"author\" content=\"Javier Molt\u00f3\" \/>\n<meta name=\"twitter:card\" content=\"summary_large_image\" \/>\n<meta name=\"twitter:creator\" content=\"@Deportes1\" \/>\n<meta name=\"twitter:label1\" content=\"Escrito por\" \/>\n\t<meta name=\"twitter:data1\" content=\"Javier Molt\u00f3\" \/>\n\t<meta name=\"twitter:label2\" content=\"Tiempo de lectura\" \/>\n\t<meta name=\"twitter:data2\" content=\"7 minutos\" \/>\n<script type=\"application\/ld+json\" class=\"yoast-schema-graph\">{\"@context\":\"https:\\\/\\\/schema.org\",\"@graph\":[{\"@type\":\"Article\",\"@id\":\"https:\\\/\\\/www.km77.com\\\/revista\\\/teletransporte\\\/marc-gene-la-carrera-escoge-al-ganador\\\/#article\",\"isPartOf\":{\"@id\":\"https:\\\/\\\/www.km77.com\\\/revista\\\/teletransporte\\\/marc-gene-la-carrera-escoge-al-ganador\\\/\"},\"author\":{\"name\":\"Javier Molt\u00f3\",\"@id\":\"https:\\\/\\\/www.km77.com\\\/revista\\\/#\\\/schema\\\/person\\\/2f0611a1b3c7d2a2c81a9428505a25db\"},\"headline\":\"Marc Gen\u00e9: \u00abLa carrera escoge al ganador\u00bb\",\"datePublished\":\"2013-06-20T23:18:37+00:00\",\"dateModified\":\"2021-03-31T18:03:10+00:00\",\"mainEntityOfPage\":{\"@id\":\"https:\\\/\\\/www.km77.com\\\/revista\\\/teletransporte\\\/marc-gene-la-carrera-escoge-al-ganador\\\/\"},\"wordCount\":1343,\"commentCount\":3,\"publisher\":{\"@id\":\"https:\\\/\\\/www.km77.com\\\/revista\\\/#organization\"},\"keywords\":[\"24 Horas de Le Mans\",\"Audi\",\"Automovilismo\",\"Marc Gen\u00e9\"],\"articleSection\":[\"Teletransporte\"],\"inLanguage\":\"es\",\"potentialAction\":[{\"@type\":\"CommentAction\",\"name\":\"Comment\",\"target\":[\"https:\\\/\\\/www.km77.com\\\/revista\\\/teletransporte\\\/marc-gene-la-carrera-escoge-al-ganador\\\/#respond\"]}]},{\"@type\":\"WebPage\",\"@id\":\"https:\\\/\\\/www.km77.com\\\/revista\\\/teletransporte\\\/marc-gene-la-carrera-escoge-al-ganador\\\/\",\"url\":\"https:\\\/\\\/www.km77.com\\\/revista\\\/teletransporte\\\/marc-gene-la-carrera-escoge-al-ganador\\\/\",\"name\":\"Marc Gen\u00e9: \\\"La carrera escoge al ganador\\\" - Revista km77\",\"isPartOf\":{\"@id\":\"https:\\\/\\\/www.km77.com\\\/revista\\\/#website\"},\"datePublished\":\"2013-06-20T23:18:37+00:00\",\"dateModified\":\"2021-03-31T18:03:10+00:00\",\"breadcrumb\":{\"@id\":\"https:\\\/\\\/www.km77.com\\\/revista\\\/teletransporte\\\/marc-gene-la-carrera-escoge-al-ganador\\\/#breadcrumb\"},\"inLanguage\":\"es\",\"potentialAction\":[{\"@type\":\"ReadAction\",\"target\":[\"https:\\\/\\\/www.km77.com\\\/revista\\\/teletransporte\\\/marc-gene-la-carrera-escoge-al-ganador\\\/\"]}]},{\"@type\":\"BreadcrumbList\",\"@id\":\"https:\\\/\\\/www.km77.com\\\/revista\\\/teletransporte\\\/marc-gene-la-carrera-escoge-al-ganador\\\/#breadcrumb\",\"itemListElement\":[{\"@type\":\"ListItem\",\"position\":1,\"name\":\"Revista km77\",\"item\":\"https:\\\/\\\/www.km77.com\\\/revista\\\/\"},{\"@type\":\"ListItem\",\"position\":2,\"name\":\"Teletransporte\",\"item\":\"https:\\\/\\\/www.km77.com\\\/revista\\\/teletransporte\\\/\"},{\"@type\":\"ListItem\",\"position\":3,\"name\":\"Marc Gen\u00e9: \u00abLa carrera escoge al ganador\u00bb\"}]},{\"@type\":\"WebSite\",\"@id\":\"https:\\\/\\\/www.km77.com\\\/revista\\\/#website\",\"url\":\"https:\\\/\\\/www.km77.com\\\/revista\\\/\",\"name\":\"Revista km77\",\"description\":\"Revista de km77\",\"publisher\":{\"@id\":\"https:\\\/\\\/www.km77.com\\\/revista\\\/#organization\"},\"potentialAction\":[{\"@type\":\"SearchAction\",\"target\":{\"@type\":\"EntryPoint\",\"urlTemplate\":\"https:\\\/\\\/www.km77.com\\\/revista\\\/?s={search_term_string}\"},\"query-input\":{\"@type\":\"PropertyValueSpecification\",\"valueRequired\":true,\"valueName\":\"search_term_string\"}}],\"inLanguage\":\"es\"},{\"@type\":\"Organization\",\"@id\":\"https:\\\/\\\/www.km77.com\\\/revista\\\/#organization\",\"name\":\"KM77\",\"url\":\"https:\\\/\\\/www.km77.com\\\/revista\\\/\",\"logo\":{\"@type\":\"ImageObject\",\"inLanguage\":\"es\",\"@id\":\"https:\\\/\\\/www.km77.com\\\/revista\\\/#\\\/schema\\\/logo\\\/image\\\/\",\"url\":\"https:\\\/\\\/www.km77.com\\\/revista\\\/wp-content\\\/uploads\\\/2021\\\/02\\\/logo-km77.png\",\"contentUrl\":\"https:\\\/\\\/www.km77.com\\\/revista\\\/wp-content\\\/uploads\\\/2021\\\/02\\\/logo-km77.png\",\"width\":100,\"height\":34,\"caption\":\"KM77\"},\"image\":{\"@id\":\"https:\\\/\\\/www.km77.com\\\/revista\\\/#\\\/schema\\\/logo\\\/image\\\/\"}},{\"@type\":\"Person\",\"@id\":\"https:\\\/\\\/www.km77.com\\\/revista\\\/#\\\/schema\\\/person\\\/2f0611a1b3c7d2a2c81a9428505a25db\",\"name\":\"Javier Molt\u00f3\",\"image\":{\"@type\":\"ImageObject\",\"inLanguage\":\"es\",\"@id\":\"https:\\\/\\\/secure.gravatar.com\\\/avatar\\\/1c930880a58b8b56f4abb8c2797bdb266488614621319ddd0ab4ee365b10a72c?s=96&d=mm&r=g\",\"url\":\"https:\\\/\\\/secure.gravatar.com\\\/avatar\\\/1c930880a58b8b56f4abb8c2797bdb266488614621319ddd0ab4ee365b10a72c?s=96&d=mm&r=g\",\"contentUrl\":\"https:\\\/\\\/secure.gravatar.com\\\/avatar\\\/1c930880a58b8b56f4abb8c2797bdb266488614621319ddd0ab4ee365b10a72c?s=96&d=mm&r=g\",\"caption\":\"Javier Molt\u00f3\"},\"description\":\"Empec\u00e9 a trabajar como periodista probador de coches en 1985, en la revista AutoHebdo. Despu\u00e9s trabaj\u00e9 en Coche Actual y Motor16. Desde 1994 a 1999 inform\u00e9 de asuntos econ\u00f3micos tanto en Madrid como en Londres, donde trabaj\u00e9 en Bloomberg. En 1999 fund\u00e9 km77.com, empresa con la que sigo empe\u00f1ado en el objetivo de dar la mejor informaci\u00f3n de coches de la que somos capaces.\",\"sameAs\":[\"https:\\\/\\\/x.com\\\/Deportes1\"],\"url\":\"https:\\\/\\\/www.km77.com\\\/revista\\\/author\\\/teletransporte\\\/\"}]}<\/script>\n<!-- \/ Yoast SEO plugin. -->","yoast_head_json":{"title":"Marc Gen\u00e9: \"La carrera escoge al ganador\" - Revista km77","robots":{"index":"index","follow":"follow","max-snippet":"max-snippet:-1","max-image-preview":"max-image-preview:large","max-video-preview":"max-video-preview:-1"},"canonical":"https:\/\/www.km77.com\/revista\/teletransporte\/marc-gene-la-carrera-escoge-al-ganador\/","og_locale":"es_ES","og_type":"article","og_title":"Marc Gen\u00e9: \"La carrera escoge al ganador\" - Revista km77","og_description":"Este fin de semana se corren Las 24 Horas de Le Mans. Jordi Gen\u00e9 correr\u00e1 con el equipo Audi y tiene muchas posibilidades de cruzar la meta en primera posici\u00f3n. La semana pasada, Marc Gen\u00e9 dio una rueda de prensa en Madrid y la frase que m\u00e1s me sorprendi\u00f3 es la que he elegido para [&hellip;]","og_url":"https:\/\/www.km77.com\/revista\/teletransporte\/marc-gene-la-carrera-escoge-al-ganador\/","og_site_name":"Revista km77","article_published_time":"2013-06-20T23:18:37+00:00","article_modified_time":"2021-03-31T18:03:10+00:00","author":"Javier Molt\u00f3","twitter_card":"summary_large_image","twitter_creator":"@Deportes1","twitter_misc":{"Escrito por":"Javier Molt\u00f3","Tiempo de lectura":"7 minutos"},"schema":{"@context":"https:\/\/schema.org","@graph":[{"@type":"Article","@id":"https:\/\/www.km77.com\/revista\/teletransporte\/marc-gene-la-carrera-escoge-al-ganador\/#article","isPartOf":{"@id":"https:\/\/www.km77.com\/revista\/teletransporte\/marc-gene-la-carrera-escoge-al-ganador\/"},"author":{"name":"Javier Molt\u00f3","@id":"https:\/\/www.km77.com\/revista\/#\/schema\/person\/2f0611a1b3c7d2a2c81a9428505a25db"},"headline":"Marc Gen\u00e9: \u00abLa carrera escoge al ganador\u00bb","datePublished":"2013-06-20T23:18:37+00:00","dateModified":"2021-03-31T18:03:10+00:00","mainEntityOfPage":{"@id":"https:\/\/www.km77.com\/revista\/teletransporte\/marc-gene-la-carrera-escoge-al-ganador\/"},"wordCount":1343,"commentCount":3,"publisher":{"@id":"https:\/\/www.km77.com\/revista\/#organization"},"keywords":["24 Horas de Le Mans","Audi","Automovilismo","Marc Gen\u00e9"],"articleSection":["Teletransporte"],"inLanguage":"es","potentialAction":[{"@type":"CommentAction","name":"Comment","target":["https:\/\/www.km77.com\/revista\/teletransporte\/marc-gene-la-carrera-escoge-al-ganador\/#respond"]}]},{"@type":"WebPage","@id":"https:\/\/www.km77.com\/revista\/teletransporte\/marc-gene-la-carrera-escoge-al-ganador\/","url":"https:\/\/www.km77.com\/revista\/teletransporte\/marc-gene-la-carrera-escoge-al-ganador\/","name":"Marc Gen\u00e9: \"La carrera escoge al ganador\" - Revista km77","isPartOf":{"@id":"https:\/\/www.km77.com\/revista\/#website"},"datePublished":"2013-06-20T23:18:37+00:00","dateModified":"2021-03-31T18:03:10+00:00","breadcrumb":{"@id":"https:\/\/www.km77.com\/revista\/teletransporte\/marc-gene-la-carrera-escoge-al-ganador\/#breadcrumb"},"inLanguage":"es","potentialAction":[{"@type":"ReadAction","target":["https:\/\/www.km77.com\/revista\/teletransporte\/marc-gene-la-carrera-escoge-al-ganador\/"]}]},{"@type":"BreadcrumbList","@id":"https:\/\/www.km77.com\/revista\/teletransporte\/marc-gene-la-carrera-escoge-al-ganador\/#breadcrumb","itemListElement":[{"@type":"ListItem","position":1,"name":"Revista km77","item":"https:\/\/www.km77.com\/revista\/"},{"@type":"ListItem","position":2,"name":"Teletransporte","item":"https:\/\/www.km77.com\/revista\/teletransporte\/"},{"@type":"ListItem","position":3,"name":"Marc Gen\u00e9: \u00abLa carrera escoge al ganador\u00bb"}]},{"@type":"WebSite","@id":"https:\/\/www.km77.com\/revista\/#website","url":"https:\/\/www.km77.com\/revista\/","name":"Revista km77","description":"Revista de km77","publisher":{"@id":"https:\/\/www.km77.com\/revista\/#organization"},"potentialAction":[{"@type":"SearchAction","target":{"@type":"EntryPoint","urlTemplate":"https:\/\/www.km77.com\/revista\/?s={search_term_string}"},"query-input":{"@type":"PropertyValueSpecification","valueRequired":true,"valueName":"search_term_string"}}],"inLanguage":"es"},{"@type":"Organization","@id":"https:\/\/www.km77.com\/revista\/#organization","name":"KM77","url":"https:\/\/www.km77.com\/revista\/","logo":{"@type":"ImageObject","inLanguage":"es","@id":"https:\/\/www.km77.com\/revista\/#\/schema\/logo\/image\/","url":"https:\/\/www.km77.com\/revista\/wp-content\/uploads\/2021\/02\/logo-km77.png","contentUrl":"https:\/\/www.km77.com\/revista\/wp-content\/uploads\/2021\/02\/logo-km77.png","width":100,"height":34,"caption":"KM77"},"image":{"@id":"https:\/\/www.km77.com\/revista\/#\/schema\/logo\/image\/"}},{"@type":"Person","@id":"https:\/\/www.km77.com\/revista\/#\/schema\/person\/2f0611a1b3c7d2a2c81a9428505a25db","name":"Javier Molt\u00f3","image":{"@type":"ImageObject","inLanguage":"es","@id":"https:\/\/secure.gravatar.com\/avatar\/1c930880a58b8b56f4abb8c2797bdb266488614621319ddd0ab4ee365b10a72c?s=96&d=mm&r=g","url":"https:\/\/secure.gravatar.com\/avatar\/1c930880a58b8b56f4abb8c2797bdb266488614621319ddd0ab4ee365b10a72c?s=96&d=mm&r=g","contentUrl":"https:\/\/secure.gravatar.com\/avatar\/1c930880a58b8b56f4abb8c2797bdb266488614621319ddd0ab4ee365b10a72c?s=96&d=mm&r=g","caption":"Javier Molt\u00f3"},"description":"Empec\u00e9 a trabajar como periodista probador de coches en 1985, en la revista AutoHebdo. Despu\u00e9s trabaj\u00e9 en Coche Actual y Motor16. Desde 1994 a 1999 inform\u00e9 de asuntos econ\u00f3micos tanto en Madrid como en Londres, donde trabaj\u00e9 en Bloomberg. En 1999 fund\u00e9 km77.com, empresa con la que sigo empe\u00f1ado en el objetivo de dar la mejor informaci\u00f3n de coches de la que somos capaces.","sameAs":["https:\/\/x.com\/Deportes1"],"url":"https:\/\/www.km77.com\/revista\/author\/teletransporte\/"}]}},"amp_enabled":true,"_links":{"self":[{"href":"https:\/\/www.km77.com\/revista\/wp-json\/wp\/v2\/posts\/11278","targetHints":{"allow":["GET"]}}],"collection":[{"href":"https:\/\/www.km77.com\/revista\/wp-json\/wp\/v2\/posts"}],"about":[{"href":"https:\/\/www.km77.com\/revista\/wp-json\/wp\/v2\/types\/post"}],"author":[{"embeddable":true,"href":"https:\/\/www.km77.com\/revista\/wp-json\/wp\/v2\/users\/72"}],"replies":[{"embeddable":true,"href":"https:\/\/www.km77.com\/revista\/wp-json\/wp\/v2\/comments?post=11278"}],"version-history":[{"count":1,"href":"https:\/\/www.km77.com\/revista\/wp-json\/wp\/v2\/posts\/11278\/revisions"}],"predecessor-version":[{"id":42936,"href":"https:\/\/www.km77.com\/revista\/wp-json\/wp\/v2\/posts\/11278\/revisions\/42936"}],"wp:attachment":[{"href":"https:\/\/www.km77.com\/revista\/wp-json\/wp\/v2\/media?parent=11278"}],"wp:term":[{"taxonomy":"category","embeddable":true,"href":"https:\/\/www.km77.com\/revista\/wp-json\/wp\/v2\/categories?post=11278"},{"taxonomy":"post_tag","embeddable":true,"href":"https:\/\/www.km77.com\/revista\/wp-json\/wp\/v2\/tags?post=11278"}],"curies":[{"name":"wp","href":"https:\/\/api.w.org\/{rel}","templated":true}]}}